{"id":84,"date":"2020-06-08T22:39:00","date_gmt":"2020-06-08T20:39:00","guid":{"rendered":"http:\/\/lesluciolesdelavallee.fr\/?p=84"},"modified":"2026-03-16T17:38:45","modified_gmt":"2026-03-16T16:38:45","slug":"des-vacances-de-fetes","status":"publish","type":"post","link":"https:\/\/lesluciolesdelavallee.fr\/?p=84","title":{"rendered":"Les Lucioles pr\u00e9parent le printemps !"},"content":{"rendered":"\n<h2 class=\"wp-block-heading\"><strong>L&rsquo;accueil de loisirs des Lucioles sera ouvert <\/strong>du 07 au 17 Avril<\/h2>\n\n\n\n<p>Le programme est pr\u00eat !<\/p>\n\n\n\n<p>Les inscriptions se font sur le portail famille jusqu&rsquo;au 26 Mars Vous b\u00e9n\u00e9ficierez alors d&rsquo;une r\u00e9duction.<\/p>\n\n\n\n<p>Apr\u00e8s le 26\/03, il faudra demander la validation sur le mail ci dessous..<\/p>\n\n\n\n<p>Si vous n&rsquo;\u00eates pas encore inscrit sur le portail, demandez votre lien pour acc\u00e8s \u00e0 la directrice Nathalie BRANGIER sur le mail suivant :<\/p>\n\n\n\n<p><strong>ladirectiondeslucioles@gmail.com<\/strong><\/p>\n\n\n\n<p>Le dossier doit \u00eatre compl\u00e9t\u00e9 sur le portail famille avec photocopies des vaccins et dates not\u00e9es dans le dossier.<\/p>\n\n\n\n<h3 class=\"wp-block-heading has-text-align-center\"><strong><span class=\"has-inline-color has-vivid-red-color\">Pour payer le solde des factures : (attendez d&rsquo;avoir re\u00e7u votre facture par mail)<\/span><\/strong><\/h3>\n\n\n\n<div class=\"wp-block-group\"><div class=\"wp-block-group__inner-container is-layout-flow wp-block-group-is-layout-flow\">\n<iframe id=\"haWidgetButton\" src=\"https:\/\/www.helloasso.com\/associations\/le-lucioles-de-la-vallee\/paiements\/reglement-facture-lucioles-de-la-vallee\/widget-bouton\" style=\"border: none;\"><\/iframe>\n<\/div><\/div>\n\n\n\n<h2 class=\"wp-block-heading\"><\/h2>\n\n\n\n<figure class=\"wp-block-image size-full\"><img loading=\"lazy\" decoding=\"async\" width=\"859\" height=\"609\" src=\"https:\/\/lesluciolesdelavallee.fr\/wp-content\/uploads\/2020\/06\/Avril-CLSH-1.jpg\" alt=\"\" class=\"wp-image-3656\" srcset=\"https:\/\/lesluciolesdelavallee.fr\/wp-content\/uploads\/2020\/06\/Avril-CLSH-1.jpg 859w, https:\/\/lesluciolesdelavallee.fr\/wp-content\/uploads\/2020\/06\/Avril-CLSH-1-300x213.jpg 300w, https:\/\/lesluciolesdelavallee.fr\/wp-content\/uploads\/2020\/06\/Avril-CLSH-1-768x544.jpg 768w\" sizes=\"auto, (max-width: 859px) 100vw, 859px\" \/><\/figure>\n\n\n\n<figure class=\"wp-block-image size-full\"><img loading=\"lazy\" decoding=\"async\" width=\"858\" height=\"603\" src=\"https:\/\/lesluciolesdelavallee.fr\/wp-content\/uploads\/2020\/06\/Avril-CLSH-2.jpg\" alt=\"\" class=\"wp-image-3657\" srcset=\"https:\/\/lesluciolesdelavallee.fr\/wp-content\/uploads\/2020\/06\/Avril-CLSH-2.jpg 858w, https:\/\/lesluciolesdelavallee.fr\/wp-content\/uploads\/2020\/06\/Avril-CLSH-2-300x211.jpg 300w, https:\/\/lesluciolesdelavallee.fr\/wp-content\/uploads\/2020\/06\/Avril-CLSH-2-768x540.jpg 768w\" sizes=\"auto, (max-width: 858px) 100vw, 858px\" \/><\/figure>\n","protected":false},"excerpt":{"rendered":"<p>L&rsquo;accueil de loisirs des Lucioles sera ouvert du 07 au 17 Avril Le programme est pr\u00eat ! Les inscriptions se font sur le portail famille jusqu&rsquo;au 26 Mars Vous b\u00e9n\u00e9ficierez alors d&rsquo;une r\u00e9duction. Apr\u00e8s le 26\/03, il faudra demander la validation sur le mail ci dessous.. Si vous n&rsquo;\u00eates pas encore inscrit sur le portail,&hellip; <br \/> <a class=\"read-more\" href=\"https:\/\/lesluciolesdelavallee.fr\/?p=84\">Lire la suite<\/a><\/p>\n","protected":false},"author":3,"featured_media":0,"comment_status":"open","ping_status":"open","sticky":false,"template":"","format":"standard","meta":{"footnotes":""},"categories":[3],"tags":[],"class_list":["post-84","post","type-post","status-publish","format-standard","hentry","category-accueil-de-loisirs"],"_links":{"self":[{"href":"https:\/\/lesluciolesdelavallee.fr\/index.php?rest_route=\/wp\/v2\/posts\/84","targetHints":{"allow":["GET"]}}],"collection":[{"href":"https:\/\/lesluciolesdelavallee.fr\/index.php?rest_route=\/wp\/v2\/posts"}],"about":[{"href":"https:\/\/lesluciolesdelavallee.fr\/index.php?rest_route=\/wp\/v2\/types\/post"}],"author":[{"embeddable":true,"href":"https:\/\/lesluciolesdelavallee.fr\/index.php?rest_route=\/wp\/v2\/users\/3"}],"replies":[{"embeddable":true,"href":"https:\/\/lesluciolesdelavallee.fr\/index.php?rest_route=%2Fwp%2Fv2%2Fcomments&post=84"}],"version-history":[{"count":121,"href":"https:\/\/lesluciolesdelavallee.fr\/index.php?rest_route=\/wp\/v2\/posts\/84\/revisions"}],"predecessor-version":[{"id":3658,"href":"https:\/\/lesluciolesdelavallee.fr\/index.php?rest_route=\/wp\/v2\/posts\/84\/revisions\/3658"}],"wp:attachment":[{"href":"https:\/\/lesluciolesdelavallee.fr\/index.php?rest_route=%2Fwp%2Fv2%2Fmedia&parent=84"}],"wp:term":[{"taxonomy":"category","embeddable":true,"href":"https:\/\/lesluciolesdelavallee.fr\/index.php?rest_route=%2Fwp%2Fv2%2Fcategories&post=84"},{"taxonomy":"post_tag","embeddable":true,"href":"https:\/\/lesluciolesdelavallee.fr\/index.php?rest_route=%2Fwp%2Fv2%2Ftags&post=84"}],"curies":[{"name":"wp","href":"https:\/\/api.w.org\/{rel}","templated":true}]}}